{"id":4326,"date":"2025-01-06T10:44:44","date_gmt":"2025-01-06T10:44:44","guid":{"rendered":"https:\/\/escolartes.com\/wp\/?p=4326"},"modified":"2025-01-27T14:33:16","modified_gmt":"2025-01-27T14:33:16","slug":"masterclasse-de-guitarra-com-antonio-justica-2-2","status":"publish","type":"post","link":"https:\/\/escolartes.com\/wp\/masterclasse-de-guitarra-com-antonio-justica-2-2\/2025\/01\/06\/","title":{"rendered":"Ciclo de Masterclasses de madeiras: Saxofone, Obo\u00e9 e Clarinete"},"content":{"rendered":"\n<p>A Escola de Artes da Bairrada realizar\u00e1 um ciclo de Masterclasses de madeiras nos dias 29 e 31 de janeiro de 2025.<\/p>\n\n\n\n<p>29 Janeiro: MASTERCLASSE DE SAXOFONE com TINE VAN DEN GEEST<\/p>\n\n\n\n<p>ATUALIZA\u00c7\u00c3O &#8211; Hor\u00e1rio e informa\u00e7\u00f5es acerca da Masterclasse de Saxofone<\/p>\n\n\n\n<p><em>9h15: rece\u00e7\u00e3o aos alunos no Audit\u00f3rio da EAB\u00a0<\/em><\/p>\n\n\n\n<ul class=\"wp-block-list\">\n<li><em>9h30 &#8211; 11h15: aulas individuais de Saxofone e de Ensemble de Saxofones<\/em><\/li>\n\n\n\n<li><em>11h15-11h30: intervalo<\/em><\/li>\n\n\n\n<li><em>11h30-13h:\u00a0<\/em><em>aulas individuais de Saxofone<\/em><\/li>\n\n\n\n<li><em>13h-14h30: almo\u00e7o dos participantes na Escola de Artes da Bairrada (devem levar o seu almo\u00e7o para momento de conv\u00edvio)<\/em><\/li>\n\n\n\n<li><em>14h30-16h30:\u00a0aulas individuais de Saxofone e de Ensemble de Saxofones<\/em><\/li>\n\n\n\n<li><em>16h30-16h45: intervalo\u00a0<\/em><\/li>\n\n\n\n<li><em>16h45- 18h15:\u00a0aulas individuais de Saxofone e de Ensemble de Saxofones<\/em><\/li>\n\n\n\n<li><em>18h15- 19h: intervalo<\/em><\/li>\n\n\n\n<li><em>19h: Concerto final e entrega de diplomas, aberto a p\u00fablico\u00a0<\/em><\/li>\n<\/ul>\n\n\n\n<p><em>Os participantes dever\u00e3o trazer:<\/em><\/p>\n\n\n\n<ul class=\"wp-block-list\">\n<li><em>Saxofone e as suas partituras\u00a0<\/em><\/li>\n\n\n\n<li><em>Caderno e l\u00e1pis para apontamentos\u00a0<\/em><\/li>\n\n\n\n<li><em>Lanches e \u00e1gua para manh\u00e3\/tarde e almo\u00e7o<\/em><\/li>\n\n\n\n<li><em>Roupa para o concerto final: tudo preto\u00a0<\/em><\/li>\n<\/ul>\n\n\n\n<p><\/p>\n\n\n\n<p>31 de janeiro: MASTERCLASSE DE OBO\u00c9 com JULIANA F\u00c9LIX<\/p>\n\n\n\n<p>31 de Janeiro: MASTERCLASSE DE CLARINETE com TIAGO ABRANTES<br><\/p>\n\n\n\n<p>Ficha de inscri\u00e7\u00e3o e mais informa\u00e7\u00f5es AQUI: <\/p>\n\n\n\n<div data-wp-interactive=\"core\/file\" class=\"wp-block-file\"><object data-wp-bind--hidden=\"!state.hasPdfPreview\" hidden class=\"wp-block-file__embed\" data=\"https:\/\/escolartes.com\/wp\/wp-content\/uploads\/2025\/01\/Ficha-Inscricao-Masterclasses-2025.pdf\" type=\"application\/pdf\" style=\"width:100%;height:600px\" aria-label=\"Incorpora\u00e7\u00e3o de Ficha-Inscricao-Masterclasses-2025.\"><\/object><a id=\"wp-block-file--media-62d4955e-37b7-43d9-90b7-92367de5c54e\" href=\"https:\/\/escolartes.com\/wp\/wp-content\/uploads\/2025\/01\/Ficha-Inscricao-Masterclasses-2025.pdf\">Ficha-Inscricao-Masterclasses-2025<\/a><a href=\"https:\/\/escolartes.com\/wp\/wp-content\/uploads\/2025\/01\/Ficha-Inscricao-Masterclasses-2025.pdf\" class=\"wp-block-file__button wp-element-button\" download aria-describedby=\"wp-block-file--media-62d4955e-37b7-43d9-90b7-92367de5c54e\">Descarregar<\/a><\/div>\n\n\n\n<figure class=\"wp-block-gallery has-nested-images columns-default is-cropped wp-block-gallery-1 is-layout-flex wp-block-gallery-is-layout-flex\"><\/figure>\n\n\n\n<p><\/p>\n","protected":false},"excerpt":{"rendered":"<p>A Escola de Artes da Bairrada realizar\u00e1 um ciclo de Masterclasses de madeiras nos dias 29 e 31 de janeiro de 2025. [&hellip;]<\/p>\n","protected":false},"author":2,"featured_media":4329,"comment_status":"closed","ping_status":"open","sticky":false,"template":"","format":"standard","meta":{"footnotes":""},"categories":[8],"tags":[],"class_list":["post-4326","post","type-post","status-publish","format-standard","has-post-thumbnail","hentry","category-noticias"],"_links":{"self":[{"href":"https:\/\/escolartes.com\/wp\/wp-json\/wp\/v2\/posts\/4326","targetHints":{"allow":["GET"]}}],"collection":[{"href":"https:\/\/escolartes.com\/wp\/wp-json\/wp\/v2\/posts"}],"about":[{"href":"https:\/\/escolartes.com\/wp\/wp-json\/wp\/v2\/types\/post"}],"author":[{"embeddable":true,"href":"https:\/\/escolartes.com\/wp\/wp-json\/wp\/v2\/users\/2"}],"replies":[{"embeddable":true,"href":"https:\/\/escolartes.com\/wp\/wp-json\/wp\/v2\/comments?post=4326"}],"version-history":[{"count":2,"href":"https:\/\/escolartes.com\/wp\/wp-json\/wp\/v2\/posts\/4326\/revisions"}],"predecessor-version":[{"id":4338,"href":"https:\/\/escolartes.com\/wp\/wp-json\/wp\/v2\/posts\/4326\/revisions\/4338"}],"wp:featuredmedia":[{"embeddable":true,"href":"https:\/\/escolartes.com\/wp\/wp-json\/wp\/v2\/media\/4329"}],"wp:attachment":[{"href":"https:\/\/escolartes.com\/wp\/wp-json\/wp\/v2\/media?parent=4326"}],"wp:term":[{"taxonomy":"category","embeddable":true,"href":"https:\/\/escolartes.com\/wp\/wp-json\/wp\/v2\/categories?post=4326"},{"taxonomy":"post_tag","embeddable":true,"href":"https:\/\/escolartes.com\/wp\/wp-json\/wp\/v2\/tags?post=4326"}],"curies":[{"name":"wp","href":"https:\/\/api.w.org\/{rel}","templated":true}]}}